{"id":5149,"date":"2017-06-30T11:39:18","date_gmt":"2017-06-30T09:39:18","guid":{"rendered":"https:\/\/www.persovuses.org\/14-kilometros\/"},"modified":"2022-07-14T18:27:43","modified_gmt":"2022-07-14T16:27:43","slug":"14-quilometres","status":"publish","type":"post","link":"https:\/\/www.persovuses.org\/ca\/14-quilometres\/","title":{"rendered":"14 Quil\u00f2metres"},"content":{"rendered":"\n<p>L\u2019Associaci\u00f3 Social Cristiana de Voluntaris de Presons (ASCVP) conjuntament amb l\u2019Associaci\u00f3 per la integraci\u00f3 i reinserci\u00f3 de PERsones SOcialment VUlnerables o en Situaci\u00f3 d\u2019Exclusi\u00f3 Social (PERSOVUSES),&nbsp;<strong>us convida<\/strong>&nbsp;el proper divendres 30 de juny a les 19:30 h. a la festa al Pati El FOSSAR de l\u2019Esgl\u00e9sia de Santa Maria amb aperitius i refrigeris, l\u2019actuaci\u00f3 musical del grup local Bouzouki Dance Beta i la projecci\u00f3 de la pel\u00b7l\u00edcula \u201c14 Quil\u00f2metres\u201d, aquest \u00faltim tindr\u00e0 lloc al Teatre EL FOMENT de Cultura de Martorell a les 21:00 h. Donem les gr\u00e0cies a l\u2019esgl\u00e9sia arxiprestal de Santa Maria per la cessi\u00f3 de l\u2019espai i a C\u00e1ritas Martorell per l\u2019instrumental pel cinef\u00f2rum.<\/p>\n\n\n\n<p>El tema de la pel\u00b7l\u00edcula sobra la immigraci\u00f3&nbsp;<strong>&#8220;14 Quil\u00f2metres&#8221;<\/strong>&nbsp;va sorgir arran de la preocupaci\u00f3 de les nostres entitats per l&#8217;oblit de la gent sobre el terrible drama hum\u00e0 que aquestes persones han viscut i viuen en l&#8217;actualitat, ens plantej\u00e0vem preguntes \u00bfqu\u00e8 podem fer nosaltres? \u00bfQu\u00e8 ha passat amb tots ells? despr\u00e9s d&#8217;apar\u00e8ixer en els mitjans de comunicaci\u00f3 i que ara van desapar\u00e8ixer dels mateixos, com podem tenir encesa la flama del tema?.<\/p>\n\n\n\n<p>Aquest cinef\u00f2rum s&#8217;emmarca en la voluntat de col\u00b7laboraci\u00f3 m\u00fatua entre les dues entitats. Concretant-se en aquesta quarta xerrada, despr\u00e9s de ser rubricat el dissabte 5 de novembre de l\u2019any passat a la rectoria de la parr\u00f2quia de Crist Salvador i s&#8217;est\u00e9n tamb\u00e9 a altres camps de l&#8217;\u00e0mbit associatiu i del voluntariat que treballem, dins dels l\u00edmits de la comarca del Baix Llobregat.<\/p>\n\n\n\n<figure class=\"wp-block-gallery aligncenter has-nested-images columns-default is-cropped wp-block-gallery-1 is-layout-flex wp-block-gallery-is-layout-flex\">\n<figure class=\"wp-block-image size-large poster-img\"><a href=\"https:\/\/www.persovuses.org\/wp-content\/uploads\/2017\/06\/poster-14-kilometros-scaled.jpg\"><img fetchpriority=\"high\" decoding=\"async\" width=\"723\" height=\"1024\" data-id=\"4319\" src=\"https:\/\/www.persovuses.org\/wp-content\/uploads\/2017\/06\/poster-14-kilometros-723x1024.jpg\" alt=\"14 quil\u00f2metres\" class=\"wp-image-4319\" title=\"\" srcset=\"https:\/\/www.persovuses.org\/wp-content\/uploads\/2017\/06\/poster-14-kilometros-723x1024.jpg 723w, https:\/\/www.persovuses.org\/wp-content\/uploads\/2017\/06\/poster-14-kilometros-212x300.jpg 212w, https:\/\/www.persovuses.org\/wp-content\/uploads\/2017\/06\/poster-14-kilometros-768x1087.jpg 768w, https:\/\/www.persovuses.org\/wp-content\/uploads\/2017\/06\/poster-14-kilometros-1085x1536.jpg 1085w, https:\/\/www.persovuses.org\/wp-content\/uploads\/2017\/06\/poster-14-kilometros-1447x2048.jpg 1447w, https:\/\/www.persovuses.org\/wp-content\/uploads\/2017\/06\/poster-14-kilometros-scaled.jpg 1808w\" sizes=\"(max-width: 723px) 100vw, 723px\" \/><\/a><\/figure>\n\n\n\n<figure class=\"wp-block-image size-large poster-img\"><a href=\"https:\/\/www.persovuses.org\/wp-content\/uploads\/2017\/06\/poster-14-kilometros-02-scaled.jpg\"><img decoding=\"async\" width=\"1808\" height=\"2560\" data-id=\"4317\" src=\"https:\/\/www.persovuses.org\/wp-content\/uploads\/2017\/06\/poster-14-kilometros-02-scaled.jpg\" alt=\"Primer aniversari del cicle de confer\u00e8ncies\" class=\"wp-image-4317\" title=\"\" srcset=\"https:\/\/www.persovuses.org\/wp-content\/uploads\/2017\/06\/poster-14-kilometros-02-scaled.jpg 1808w, https:\/\/www.persovuses.org\/wp-content\/uploads\/2017\/06\/poster-14-kilometros-02-212x300.jpg 212w, https:\/\/www.persovuses.org\/wp-content\/uploads\/2017\/06\/poster-14-kilometros-02-723x1024.jpg 723w, https:\/\/www.persovuses.org\/wp-content\/uploads\/2017\/06\/poster-14-kilometros-02-768x1087.jpg 768w, https:\/\/www.persovuses.org\/wp-content\/uploads\/2017\/06\/poster-14-kilometros-02-1085x1536.jpg 1085w, https:\/\/www.persovuses.org\/wp-content\/uploads\/2017\/06\/poster-14-kilometros-02-1447x2048.jpg 1447w\" sizes=\"(max-width: 1808px) 100vw, 1808px\" \/><\/a><\/figure>\n<\/figure>\n","protected":false},"excerpt":{"rendered":"<p>L\u2019Associaci\u00f3 Social Cristiana de Voluntaris de Presons (ASCVP) conjuntament amb l\u2019Associaci\u00f3 per la integraci\u00f3 i reinserci\u00f3 de PERsones SOcialment VUlnerables o en Situaci\u00f3 d\u2019Exclusi\u00f3 Social (PERSOVUSES),&nbsp;us convida&nbsp;el proper divendres 30 de juny a les 19:30 h. a la festa al Pati El FOSSAR de l\u2019Esgl\u00e9sia de Santa Maria amb aperitius i refrigeris, l\u2019actuaci\u00f3 musical del [&hellip;]<\/p>\n","protected":false},"author":1,"featured_media":4243,"comment_status":"closed","ping_status":"open","sticky":false,"template":"","format":"standard","meta":{"footnotes":""},"categories":[56],"tags":[],"class_list":["post-5149","post","type-post","status-publish","format-standard","has-post-thumbnail","hentry","category-festes-forums"],"acf":[],"_links":{"self":[{"href":"https:\/\/www.persovuses.org\/ca\/wp-json\/wp\/v2\/posts\/5149","targetHints":{"allow":["GET"]}}],"collection":[{"href":"https:\/\/www.persovuses.org\/ca\/wp-json\/wp\/v2\/posts"}],"about":[{"href":"https:\/\/www.persovuses.org\/ca\/wp-json\/wp\/v2\/types\/post"}],"author":[{"embeddable":true,"href":"https:\/\/www.persovuses.org\/ca\/wp-json\/wp\/v2\/users\/1"}],"replies":[{"embeddable":true,"href":"https:\/\/www.persovuses.org\/ca\/wp-json\/wp\/v2\/comments?post=5149"}],"version-history":[{"count":1,"href":"https:\/\/www.persovuses.org\/ca\/wp-json\/wp\/v2\/posts\/5149\/revisions"}],"predecessor-version":[{"id":5150,"href":"https:\/\/www.persovuses.org\/ca\/wp-json\/wp\/v2\/posts\/5149\/revisions\/5150"}],"wp:featuredmedia":[{"embeddable":true,"href":"https:\/\/www.persovuses.org\/ca\/wp-json\/wp\/v2\/media\/4243"}],"wp:attachment":[{"href":"https:\/\/www.persovuses.org\/ca\/wp-json\/wp\/v2\/media?parent=5149"}],"wp:term":[{"taxonomy":"category","embeddable":true,"href":"https:\/\/www.persovuses.org\/ca\/wp-json\/wp\/v2\/categories?post=5149"},{"taxonomy":"post_tag","embeddable":true,"href":"https:\/\/www.persovuses.org\/ca\/wp-json\/wp\/v2\/tags?post=5149"}],"curies":[{"name":"wp","href":"https:\/\/api.w.org\/{rel}","templated":true}]}}