{"id":5144,"date":"2018-02-08T11:39:23","date_gmt":"2018-02-08T09:39:23","guid":{"rendered":"https:\/\/www.persovuses.org\/era-post-verdad\/"},"modified":"2022-07-14T18:24:42","modified_gmt":"2022-07-14T16:24:42","slug":"era-post-veritat","status":"publish","type":"post","link":"https:\/\/www.persovuses.org\/ca\/era-post-veritat\/","title":{"rendered":"L&#8217;era de la post veritat"},"content":{"rendered":"\n<p>L\u2019Associaci\u00f3 Social Cristiana de Voluntaris de Presons (ASCVP) conjuntament amb l\u2019associaci\u00f3 per la integraci\u00f3 i reinserci\u00f3 de PERsones SOcialment VUlnerables o en Situaci\u00f3 d\u2019Exclusi\u00f3 Social (PERSOVUSES), us convida a la xerrada sobre \u201cL&#8217;era de la post veritat: Premsa, televisi\u00f3, la informaci\u00f3&#8230; el quart poder. S\u00f3n neutrals\u201d, que tindr\u00e0 lloc al Teatre EL FOMENT de Cultura de Martorell el proper dijous 08 de febrer a les 19:30 h. Donem les gr\u00e0cies a l\u2019esgl\u00e9sia arxiprestal de Santa Maria per la cessi\u00f3 de l\u2019espai i a C\u00e1ritas Martorell per l\u2019instrumental per la confer\u00e8ncia.<\/p>\n\n\n\n<p>El tema &#8220;L&#8217;era de la post veritat&#8221; va sorgir arran de la preocupaci\u00f3 de les nostres entitats per la situaci\u00f3 que viu el pa\u00eds i com es plasma en els mitjans de comunicaci\u00f3.<\/p>\n\n\n\n<p>Aquesta confer\u00e8ncia s&#8217;emmarca en la voluntat de col\u00b7laboraci\u00f3 m\u00fatua entre les dues entitats. Concretant-se en aquesta cinquena xerrada, despr\u00e9s de ser rubricat el dissabte 5 de novembre de 2016 a la rectoria de la parr\u00f2quia de Crist Salvador i s&#8217;est\u00e9n tamb\u00e9 a altres camps de l&#8217;\u00e0mbit associatiu i del voluntariat que treballem, dins dels l\u00edmits de la comarca del Baix Llobregat.<\/p>\n\n\n<div class=\"wp-block-image poster-img\">\n<figure class=\"aligncenter size-large is-resized\"><a href=\"https:\/\/www.persovuses.org\/wp-content\/uploads\/2018\/02\/poster-era-scaled.jpg\"><img fetchpriority=\"high\" decoding=\"async\" src=\"https:\/\/www.persovuses.org\/wp-content\/uploads\/2018\/02\/poster-era-723x1024.jpg\" alt=\"L&#039;era de la post veritat\" class=\"wp-image-4325\" width=\"362\" height=\"512\" title=\"\" srcset=\"https:\/\/www.persovuses.org\/wp-content\/uploads\/2018\/02\/poster-era-723x1024.jpg 723w, https:\/\/www.persovuses.org\/wp-content\/uploads\/2018\/02\/poster-era-212x300.jpg 212w, https:\/\/www.persovuses.org\/wp-content\/uploads\/2018\/02\/poster-era-768x1087.jpg 768w, https:\/\/www.persovuses.org\/wp-content\/uploads\/2018\/02\/poster-era-1085x1536.jpg 1085w, https:\/\/www.persovuses.org\/wp-content\/uploads\/2018\/02\/poster-era-1447x2048.jpg 1447w, https:\/\/www.persovuses.org\/wp-content\/uploads\/2018\/02\/poster-era-scaled.jpg 1808w\" sizes=\"(max-width: 362px) 100vw, 362px\" \/><\/a><\/figure>\n<\/div>","protected":false},"excerpt":{"rendered":"<p>L\u2019Associaci\u00f3 Social Cristiana de Voluntaris de Presons (ASCVP) conjuntament amb l\u2019associaci\u00f3 per la integraci\u00f3 i reinserci\u00f3 de PERsones SOcialment VUlnerables o en Situaci\u00f3 d\u2019Exclusi\u00f3 Social (PERSOVUSES), us convida a la xerrada sobre \u201cL&#8217;era de la post veritat: Premsa, televisi\u00f3, la informaci\u00f3&#8230; el quart poder. S\u00f3n neutrals\u201d, que tindr\u00e0 lloc al Teatre EL FOMENT de Cultura [&hellip;]<\/p>\n","protected":false},"author":1,"featured_media":4247,"comment_status":"closed","ping_status":"open","sticky":false,"template":"","format":"standard","meta":{"footnotes":""},"categories":[55],"tags":[],"class_list":["post-5144","post","type-post","status-publish","format-standard","has-post-thumbnail","hentry","category-xerrades-conferencies"],"acf":[],"_links":{"self":[{"href":"https:\/\/www.persovuses.org\/ca\/wp-json\/wp\/v2\/posts\/5144","targetHints":{"allow":["GET"]}}],"collection":[{"href":"https:\/\/www.persovuses.org\/ca\/wp-json\/wp\/v2\/posts"}],"about":[{"href":"https:\/\/www.persovuses.org\/ca\/wp-json\/wp\/v2\/types\/post"}],"author":[{"embeddable":true,"href":"https:\/\/www.persovuses.org\/ca\/wp-json\/wp\/v2\/users\/1"}],"replies":[{"embeddable":true,"href":"https:\/\/www.persovuses.org\/ca\/wp-json\/wp\/v2\/comments?post=5144"}],"version-history":[{"count":1,"href":"https:\/\/www.persovuses.org\/ca\/wp-json\/wp\/v2\/posts\/5144\/revisions"}],"predecessor-version":[{"id":5146,"href":"https:\/\/www.persovuses.org\/ca\/wp-json\/wp\/v2\/posts\/5144\/revisions\/5146"}],"wp:featuredmedia":[{"embeddable":true,"href":"https:\/\/www.persovuses.org\/ca\/wp-json\/wp\/v2\/media\/4247"}],"wp:attachment":[{"href":"https:\/\/www.persovuses.org\/ca\/wp-json\/wp\/v2\/media?parent=5144"}],"wp:term":[{"taxonomy":"category","embeddable":true,"href":"https:\/\/www.persovuses.org\/ca\/wp-json\/wp\/v2\/categories?post=5144"},{"taxonomy":"post_tag","embeddable":true,"href":"https:\/\/www.persovuses.org\/ca\/wp-json\/wp\/v2\/tags?post=5144"}],"curies":[{"name":"wp","href":"https:\/\/api.w.org\/{rel}","templated":true}]}}