{"id":5139,"date":"2018-06-14T11:39:29","date_gmt":"2018-06-14T09:39:29","guid":{"rendered":"https:\/\/www.persovuses.org\/yo-daniel-blake\/"},"modified":"2022-07-14T18:20:40","modified_gmt":"2022-07-14T16:20:40","slug":"jo-daniel-blake","status":"publish","type":"post","link":"https:\/\/www.persovuses.org\/ca\/jo-daniel-blake\/","title":{"rendered":"Jo, Daniel Blake"},"content":{"rendered":"\n<p>L\u2019Associaci\u00f3 Social Cristiana de Voluntaris de Presons (ASCVP) conjuntament amb l\u2019Associaci\u00f3 per la integraci\u00f3 i reinserci\u00f3 de PERsones SOcialment VUlnerables o en Situaci\u00f3 d\u2019Exclusi\u00f3 Social (PERSOVUSES),&nbsp;<strong>us convida<\/strong>&nbsp;el proper dijous 14 de juny a les 20:00 h. a la projecci\u00f3 de la pel\u00b7l\u00edcula \u201cJo, Daniel Blake\u201d, que tindr\u00e0 lloc al Teatre EL FOMENT de Cultura de Martorell, i a les 21:40 h. un col\u00b7loqui\/Debat. Donem les gr\u00e0cies a l\u2019esgl\u00e9sia arxiprestal de Santa Maria per la cessi\u00f3 de l\u2019espai i a C\u00e1ritas Martorell per l\u2019instrumental pel cinef\u00f2rum.<\/p>\n\n\n\n<p>El tema de la pel\u00b7l\u00edcula sobra la burocr\u00e0cia&nbsp;<strong>&#8220;Jo, Daniel Blake&#8221;<\/strong>&nbsp;va sorgir arran de la preocupaci\u00f3 de les nostres entitats pel paper del serveis socials i les institucions en general sobre la gent, i el drama hum\u00e0 que aquestes persones han viscut i viuen en l&#8217;actualitat, ens plantej\u00e0vem preguntes \u00bfqu\u00e8 podem fer nosaltres? despr\u00e9s de no apar\u00e8ixer en els mitjans de comunicaci\u00f3, com podem tenir encesa la flama del tema?.<\/p>\n\n\n\n<p>Aquest cinef\u00f2rum s&#8217;emmarca en la voluntat de col\u00b7laboraci\u00f3 m\u00fatua entre les dues entitats. Concretant-se en aquesta setena xerrada, despr\u00e9s de ser rubricat el dissabte 5 de novembre de l\u2019any 2016 a la rectoria de la parr\u00f2quia de Crist Salvador i s&#8217;est\u00e9n tamb\u00e9 a altres camps de l&#8217;\u00e0mbit associatiu i del voluntariat que treballem, dins dels l\u00edmits de la comarca del Baix Llobregat.<\/p>\n\n\n<div class=\"wp-block-image poster-img\">\n<figure class=\"aligncenter size-large is-resized\"><a href=\"https:\/\/www.persovuses.org\/wp-content\/uploads\/2018\/06\/poster-jo-daniel-blake-scaled.jpg\"><img fetchpriority=\"high\" decoding=\"async\" src=\"https:\/\/www.persovuses.org\/wp-content\/uploads\/2018\/06\/poster-jo-daniel-blake-723x1024.jpg\" alt=\"Jo, Daniel Blake\" class=\"wp-image-4331\" width=\"362\" height=\"512\" title=\"\" srcset=\"https:\/\/www.persovuses.org\/wp-content\/uploads\/2018\/06\/poster-jo-daniel-blake-723x1024.jpg 723w, https:\/\/www.persovuses.org\/wp-content\/uploads\/2018\/06\/poster-jo-daniel-blake-212x300.jpg 212w, https:\/\/www.persovuses.org\/wp-content\/uploads\/2018\/06\/poster-jo-daniel-blake-768x1087.jpg 768w, https:\/\/www.persovuses.org\/wp-content\/uploads\/2018\/06\/poster-jo-daniel-blake-1085x1536.jpg 1085w, https:\/\/www.persovuses.org\/wp-content\/uploads\/2018\/06\/poster-jo-daniel-blake-1447x2048.jpg 1447w, https:\/\/www.persovuses.org\/wp-content\/uploads\/2018\/06\/poster-jo-daniel-blake-scaled.jpg 1808w\" sizes=\"(max-width: 362px) 100vw, 362px\" \/><\/a><\/figure>\n<\/div>","protected":false},"excerpt":{"rendered":"<p>L\u2019Associaci\u00f3 Social Cristiana de Voluntaris de Presons (ASCVP) conjuntament amb l\u2019Associaci\u00f3 per la integraci\u00f3 i reinserci\u00f3 de PERsones SOcialment VUlnerables o en Situaci\u00f3 d\u2019Exclusi\u00f3 Social (PERSOVUSES),&nbsp;us convida&nbsp;el proper dijous 14 de juny a les 20:00 h. a la projecci\u00f3 de la pel\u00b7l\u00edcula \u201cJo, Daniel Blake\u201d, que tindr\u00e0 lloc al Teatre EL FOMENT de Cultura de [&hellip;]<\/p>\n","protected":false},"author":1,"featured_media":4251,"comment_status":"closed","ping_status":"open","sticky":false,"template":"","format":"standard","meta":{"footnotes":""},"categories":[56],"tags":[],"class_list":["post-5139","post","type-post","status-publish","format-standard","has-post-thumbnail","hentry","category-festes-forums"],"acf":[],"_links":{"self":[{"href":"https:\/\/www.persovuses.org\/ca\/wp-json\/wp\/v2\/posts\/5139","targetHints":{"allow":["GET"]}}],"collection":[{"href":"https:\/\/www.persovuses.org\/ca\/wp-json\/wp\/v2\/posts"}],"about":[{"href":"https:\/\/www.persovuses.org\/ca\/wp-json\/wp\/v2\/types\/post"}],"author":[{"embeddable":true,"href":"https:\/\/www.persovuses.org\/ca\/wp-json\/wp\/v2\/users\/1"}],"replies":[{"embeddable":true,"href":"https:\/\/www.persovuses.org\/ca\/wp-json\/wp\/v2\/comments?post=5139"}],"version-history":[{"count":1,"href":"https:\/\/www.persovuses.org\/ca\/wp-json\/wp\/v2\/posts\/5139\/revisions"}],"predecessor-version":[{"id":5140,"href":"https:\/\/www.persovuses.org\/ca\/wp-json\/wp\/v2\/posts\/5139\/revisions\/5140"}],"wp:featuredmedia":[{"embeddable":true,"href":"https:\/\/www.persovuses.org\/ca\/wp-json\/wp\/v2\/media\/4251"}],"wp:attachment":[{"href":"https:\/\/www.persovuses.org\/ca\/wp-json\/wp\/v2\/media?parent=5139"}],"wp:term":[{"taxonomy":"category","embeddable":true,"href":"https:\/\/www.persovuses.org\/ca\/wp-json\/wp\/v2\/categories?post=5139"},{"taxonomy":"post_tag","embeddable":true,"href":"https:\/\/www.persovuses.org\/ca\/wp-json\/wp\/v2\/tags?post=5139"}],"curies":[{"name":"wp","href":"https:\/\/api.w.org\/{rel}","templated":true}]}}