{"id":5136,"date":"2018-09-15T11:39:31","date_gmt":"2018-09-15T09:39:31","guid":{"rendered":"https:\/\/www.persovuses.org\/9-torneo-futbol-sala-vila-martorell\/"},"modified":"2022-07-14T18:19:49","modified_gmt":"2022-07-14T16:19:49","slug":"9-torneig-futbol-sala-vila-martorell","status":"publish","type":"post","link":"https:\/\/www.persovuses.org\/ca\/9-torneig-futbol-sala-vila-martorell\/","title":{"rendered":"9\u00e8 Torneig Futbol Sala Vila Martorell"},"content":{"rendered":"\n<p>Aquest any donem una volta m\u00e9s al que fins ara era el Torneig de Futbol Sala Inclusiu. Aquesta IX edici\u00f3 compta amb la implicaci\u00f3 del Sala 5 Martorell en la organitzaci\u00f3 i s&#8217;amplia la durada del torneig, d&#8217;un mat\u00ed a un dia sencer, la durada dels partits, aix\u00ed com el nombre d&#8217;equips. Tot per fer d&#8217;aquesta jornada una aut\u00e8ntica festa del futbol.<\/p>\n\n\n\n<h3 class=\"has-text-align-center wp-block-heading\">15 de setembre de 2018<br>de 9:30 h a 19:00 h.<br>Al Pavell\u00f2 Esportiu Municipal de Martorell<\/h3>\n\n\n\n<p><\/p>\n\n\n\n<p><\/p>\n\n\n\n<p>La idea d\u2019un torneig de futbol \u00e9s facilitar l\u2019acc\u00e9s a l\u2019esport a totes les persones que el vulguin practicar. Aix\u00ed com crear un model d\u2019acci\u00f3 i participaci\u00f3 comunit\u00e0ria. En aquests dos punts coincidim totes dues entitats.<\/p>\n\n\n\n<p>La pr\u00e0ctica de l\u2019esport i l\u2019activitat f\u00edsica permet millorar la qualitat de vida al mateix temps que fomenta el contacte entre persones de diversos col\u00b7lectius, afavorint els vincles i la participaci\u00f3 a la comunitat. A banda d\u2019aix\u00f2, l\u2019acc\u00e9s a la pr\u00e0ctica esportiva no sempre \u00e9s f\u00e0cil per tots els col\u00b7lectius. Les persones que formen part de col\u00b7lectius en risc d\u2019exclusi\u00f3 social, tenen certes dificultats per l\u2019acc\u00e9s a espais normalitzats per la pr\u00e0ctica esportiva. Que aquestes persones practiquin esport entre ells, nom\u00e9s en perpetua la situaci\u00f3 i \u00e9s contraproduent en el seu proc\u00e9s d\u2019inclusi\u00f3 a la comunitat. \u00c9s per aix\u00f2, es va crear aquest torneig, per facilitar l\u2019acc\u00e9s al futbol sala a les persones que tenen alguna dificultat i ajudar aix\u00ed a normalitzar-ne la pr\u00e0ctica.<\/p>\n\n\n\n<p>Avui falta una setmana pel IX Torneig Vila de Martorell i volem aprofitar per agrair als patrocinadors i col\u00b7laboradors que creuen en aquest projecte i sense els quals no seria possible portar-lo a terme.<\/p>\n\n\n\n<p>Gr\u00e0cies a tots!!!<\/p>\n\n\n<div class=\"wp-block-image\">\n<figure class=\"aligncenter size-full\"><img fetchpriority=\"high\" decoding=\"async\" width=\"842\" height=\"595\" src=\"https:\/\/www.persovuses.org\/wp-content\/uploads\/2018\/09\/patrocinadores.jpg\" alt=\"Patrocinadores\" class=\"wp-image-4334\" title=\"\" srcset=\"https:\/\/www.persovuses.org\/wp-content\/uploads\/2018\/09\/patrocinadores.jpg 842w, https:\/\/www.persovuses.org\/wp-content\/uploads\/2018\/09\/patrocinadores-300x212.jpg 300w, https:\/\/www.persovuses.org\/wp-content\/uploads\/2018\/09\/patrocinadores-768x543.jpg 768w\" sizes=\"(max-width: 842px) 100vw, 842px\" \/><\/figure>\n<\/div>","protected":false},"excerpt":{"rendered":"<p>Aquest any donem una volta m\u00e9s al que fins ara era el Torneig de Futbol Sala Inclusiu. Aquesta IX edici\u00f3 compta amb la implicaci\u00f3 del Sala 5 Martorell en la organitzaci\u00f3 i s&#8217;amplia la durada del torneig, d&#8217;un mat\u00ed a un dia sencer, la durada dels partits, aix\u00ed com el nombre d&#8217;equips. Tot per fer [&hellip;]<\/p>\n","protected":false},"author":1,"featured_media":4253,"comment_status":"closed","ping_status":"open","sticky":false,"template":"","format":"standard","meta":{"footnotes":""},"categories":[53],"tags":[],"class_list":["post-5136","post","type-post","status-publish","format-standard","has-post-thumbnail","hentry","category-activitats-ludiques-pedagogiques"],"acf":[],"_links":{"self":[{"href":"https:\/\/www.persovuses.org\/ca\/wp-json\/wp\/v2\/posts\/5136","targetHints":{"allow":["GET"]}}],"collection":[{"href":"https:\/\/www.persovuses.org\/ca\/wp-json\/wp\/v2\/posts"}],"about":[{"href":"https:\/\/www.persovuses.org\/ca\/wp-json\/wp\/v2\/types\/post"}],"author":[{"embeddable":true,"href":"https:\/\/www.persovuses.org\/ca\/wp-json\/wp\/v2\/users\/1"}],"replies":[{"embeddable":true,"href":"https:\/\/www.persovuses.org\/ca\/wp-json\/wp\/v2\/comments?post=5136"}],"version-history":[{"count":1,"href":"https:\/\/www.persovuses.org\/ca\/wp-json\/wp\/v2\/posts\/5136\/revisions"}],"predecessor-version":[{"id":5138,"href":"https:\/\/www.persovuses.org\/ca\/wp-json\/wp\/v2\/posts\/5136\/revisions\/5138"}],"wp:featuredmedia":[{"embeddable":true,"href":"https:\/\/www.persovuses.org\/ca\/wp-json\/wp\/v2\/media\/4253"}],"wp:attachment":[{"href":"https:\/\/www.persovuses.org\/ca\/wp-json\/wp\/v2\/media?parent=5136"}],"wp:term":[{"taxonomy":"category","embeddable":true,"href":"https:\/\/www.persovuses.org\/ca\/wp-json\/wp\/v2\/categories?post=5136"},{"taxonomy":"post_tag","embeddable":true,"href":"https:\/\/www.persovuses.org\/ca\/wp-json\/wp\/v2\/tags?post=5136"}],"curies":[{"name":"wp","href":"https:\/\/api.w.org\/{rel}","templated":true}]}}