{"id":5130,"date":"2019-05-16T11:39:39","date_gmt":"2019-05-16T09:39:39","guid":{"rendered":"https:\/\/www.persovuses.org\/minerales-conflicto\/"},"modified":"2022-07-14T18:15:21","modified_gmt":"2022-07-14T16:15:21","slug":"minerals-conflicte","status":"publish","type":"post","link":"https:\/\/www.persovuses.org\/ca\/minerals-conflicte\/","title":{"rendered":"Minerals de conflicte"},"content":{"rendered":"\n<p>L\u2019Associaci\u00f3 Social i Cristiana de Voluntaris de Presons (ASCVP) conjuntament amb l\u2019Associaci\u00f3 per la integraci\u00f3 i reinserci\u00f3 de PERsones SOcialment VUlnerables o en Situaci\u00f3 d\u2019Exclusi\u00f3 Social (PERSOVUSES),&nbsp;<strong>us convida<\/strong>&nbsp;el proper dijous 16 de maig a les 19:30 h. a la confer\u00e8ncia&nbsp;<strong>\u201dMINERALS DE CONFLICTE. Esclaus del m\u00f2bil\u201d<\/strong>, que tindr\u00e0 lloc al&nbsp;<strong>Teatre EL FOMENT<\/strong>&nbsp;de Cultura de Martorell. Donem les gr\u00e0cies a l\u2019esgl\u00e9sia arxiprestal de Santa Maria per la cessi\u00f3 de l\u2019espai i a C\u00e1ritas Martorell per l\u2019instrumental per la xerrada.<\/p>\n\n\n\n<p>Amb la pres\u00e8ncia com a ponent de&nbsp;<strong>Carme Altay\u00f3 i Mart\u00ed<\/strong>&nbsp;consultora experta en avaluaci\u00f3 de projectes de cooperaci\u00f3 i en la Rep\u00fablica Democr\u00e0tica del Congo. \u00c9s col\u00b7laboradora de Just\u00edcia i Pau d\u2019en\u00e7\u00e0 el 2014 en la campanya ConflictMinerals i forma part de la Consultoria en programes de desenvolupament TECUM.<\/p>\n\n\n\n<p>Avui pr\u00e0cticament tots tenim els nostres tel\u00e8fons m\u00f2bils: ens serveixen, ens comuniquen&#8230; Per\u00f2 el que gaireb\u00e9 ning\u00fa sap \u00e9s que un dels metalls utilitzats en la seva composici\u00f3 s&#8217;obt\u00e9 per persones sotmeses a esclavitud i que, de vegades, arriben a pagar amb la seva mort l&#8217;obtenci\u00f3 d&#8217;aquest metall. Els mitjans de comunicaci\u00f3 se\u2019n fan molt poc sovint ress\u00f2 i ens plantej\u00e0vem preguntes: qu\u00e8 podem fer nosaltres?.<\/p>\n\n\n\n<p>Aquesta confer\u00e8ncia s&#8217;emmarca en la voluntat de col\u00b7laboraci\u00f3 m\u00fatua entre les dues entitats. Concretant-se en aquesta desena xerrada, despr\u00e9s de ser rubricat el dissabte 5 de novembre de l\u2019any 2016 a la rectoria de la parr\u00f2quia de Crist Salvador i s&#8217;est\u00e9n tamb\u00e9 a altres camps de l&#8217;\u00e0mbit associatiu i del voluntariat que treballem, dins dels l\u00edmits de la comarca del Baix Llobregat.<\/p>\n\n\n<div class=\"wp-block-image poster-img\">\n<figure class=\"aligncenter size-large is-resized\"><a href=\"https:\/\/www.persovuses.org\/wp-content\/uploads\/2019\/05\/poster-minerales.jpg\"><img fetchpriority=\"high\" decoding=\"async\" src=\"https:\/\/www.persovuses.org\/wp-content\/uploads\/2019\/05\/poster-minerales-724x1024.jpg\" alt=\"Minerals de conflicte\" class=\"wp-image-4344\" width=\"362\" height=\"512\" title=\"\" srcset=\"https:\/\/www.persovuses.org\/wp-content\/uploads\/2019\/05\/poster-minerales-724x1024.jpg 724w, https:\/\/www.persovuses.org\/wp-content\/uploads\/2019\/05\/poster-minerales-212x300.jpg 212w, https:\/\/www.persovuses.org\/wp-content\/uploads\/2019\/05\/poster-minerales-768x1086.jpg 768w, https:\/\/www.persovuses.org\/wp-content\/uploads\/2019\/05\/poster-minerales-1086x1536.jpg 1086w, https:\/\/www.persovuses.org\/wp-content\/uploads\/2019\/05\/poster-minerales-1448x2048.jpg 1448w, https:\/\/www.persovuses.org\/wp-content\/uploads\/2019\/05\/poster-minerales.jpg 1754w\" sizes=\"(max-width: 362px) 100vw, 362px\" \/><\/a><\/figure>\n<\/div>","protected":false},"excerpt":{"rendered":"<p>L\u2019Associaci\u00f3 Social i Cristiana de Voluntaris de Presons (ASCVP) conjuntament amb l\u2019Associaci\u00f3 per la integraci\u00f3 i reinserci\u00f3 de PERsones SOcialment VUlnerables o en Situaci\u00f3 d\u2019Exclusi\u00f3 Social (PERSOVUSES),&nbsp;us convida&nbsp;el proper dijous 16 de maig a les 19:30 h. a la confer\u00e8ncia&nbsp;\u201dMINERALS DE CONFLICTE. Esclaus del m\u00f2bil\u201d, que tindr\u00e0 lloc al&nbsp;Teatre EL FOMENT&nbsp;de Cultura de Martorell. Donem [&hellip;]<\/p>\n","protected":false},"author":1,"featured_media":4259,"comment_status":"closed","ping_status":"open","sticky":false,"template":"","format":"standard","meta":{"footnotes":""},"categories":[55],"tags":[],"class_list":["post-5130","post","type-post","status-publish","format-standard","has-post-thumbnail","hentry","category-xerrades-conferencies"],"acf":[],"_links":{"self":[{"href":"https:\/\/www.persovuses.org\/ca\/wp-json\/wp\/v2\/posts\/5130","targetHints":{"allow":["GET"]}}],"collection":[{"href":"https:\/\/www.persovuses.org\/ca\/wp-json\/wp\/v2\/posts"}],"about":[{"href":"https:\/\/www.persovuses.org\/ca\/wp-json\/wp\/v2\/types\/post"}],"author":[{"embeddable":true,"href":"https:\/\/www.persovuses.org\/ca\/wp-json\/wp\/v2\/users\/1"}],"replies":[{"embeddable":true,"href":"https:\/\/www.persovuses.org\/ca\/wp-json\/wp\/v2\/comments?post=5130"}],"version-history":[{"count":1,"href":"https:\/\/www.persovuses.org\/ca\/wp-json\/wp\/v2\/posts\/5130\/revisions"}],"predecessor-version":[{"id":5131,"href":"https:\/\/www.persovuses.org\/ca\/wp-json\/wp\/v2\/posts\/5130\/revisions\/5131"}],"wp:featuredmedia":[{"embeddable":true,"href":"https:\/\/www.persovuses.org\/ca\/wp-json\/wp\/v2\/media\/4259"}],"wp:attachment":[{"href":"https:\/\/www.persovuses.org\/ca\/wp-json\/wp\/v2\/media?parent=5130"}],"wp:term":[{"taxonomy":"category","embeddable":true,"href":"https:\/\/www.persovuses.org\/ca\/wp-json\/wp\/v2\/categories?post=5130"},{"taxonomy":"post_tag","embeddable":true,"href":"https:\/\/www.persovuses.org\/ca\/wp-json\/wp\/v2\/tags?post=5130"}],"curies":[{"name":"wp","href":"https:\/\/api.w.org\/{rel}","templated":true}]}}