{"id":5112,"date":"2019-12-11T11:39:55","date_gmt":"2019-12-11T09:39:55","guid":{"rendered":"https:\/\/www.persovuses.org\/1-diciembre-dia-mundial-sida\/"},"modified":"2022-07-14T13:14:59","modified_gmt":"2022-07-14T11:14:59","slug":"1-desembre-dia-mundial-sida","status":"publish","type":"post","link":"https:\/\/www.persovuses.org\/ca\/1-desembre-dia-mundial-sida\/","title":{"rendered":"1 Desembre, Dia Mundial del SIDA"},"content":{"rendered":"\n<p>Avui dimecres, 11.12.2019 (16:30h) l&#8217;associaci\u00f3 PERSOVUSES organitza una xerrada sobre \u201cl&#8217;1 de Desembre&#8221; en el Club Social &#8220;Punt de Trobada&#8221;, espai integrat per persones amb una problem\u00e0tica de salut mental.<\/p>\n\n\n\n<p>El Dia Mundial de la Lluita contra la SIDA, \u00e9s el dia en qu\u00e8 el m\u00f3n sencer s&#8217;uneix en un esfor\u00e7 com\u00fa destinat a augmentar la consci\u00e8ncia sobre el VIH i expressar la solidaritat mundial amb les persones que viuen amb ell. Per\u00f2 aquest dia internacional no nom\u00e9s gira al voltant de la sensibilitzaci\u00f3 de la comunitat internacional, sin\u00f3 tamb\u00e9 proporciona una oportunitat mundial per instar els governs i l\u00edders internacionals a mantenir les promeses, aix\u00ed com una oportunitat per demostrar els compromisos i mesures preses per lluitar contra la SIDA.<\/p>\n\n\n\n<p>Aquest esdeveniment brinda a tots els coparticipants, tant p\u00fablics com privats, una de les m\u00e9s oportunitats m\u00e9s clares per donar a con\u00e8ixer la situaci\u00f3 i impulsar aven\u00e7os en mat\u00e8ria de prevenci\u00f3, tractament i atenci\u00f3 als afectats en els pa\u00efsos amb elevada prevalen\u00e7a i tamb\u00e9 en el resta del m\u00f3n. El Taller \u00e9s va fer a la seu de l&#8217;associaci\u00f3 per a la Salut Mental del Baix Llobregat Nord, en Martorell. Ens parlar\u00e0 Josep Vicen\u00e7 Mateo i Mercad\u00e9, secretari de PERSOVUSES.<\/p>\n\n\n<div class=\"wp-block-image poster-img\">\n<figure class=\"aligncenter size-large is-resized\"><a href=\"https:\/\/www.persovuses.org\/wp-content\/uploads\/2019\/12\/poster-dia-mundial-sida.jpg\"><img fetchpriority=\"high\" decoding=\"async\" src=\"https:\/\/www.persovuses.org\/wp-content\/uploads\/2019\/12\/poster-dia-mundial-sida-724x1024.jpg\" alt=\"1 de desembre, dia mundial del SIDA\" class=\"wp-image-4376\" width=\"362\" height=\"512\" title=\"\" srcset=\"https:\/\/www.persovuses.org\/wp-content\/uploads\/2019\/12\/poster-dia-mundial-sida-724x1024.jpg 724w, https:\/\/www.persovuses.org\/wp-content\/uploads\/2019\/12\/poster-dia-mundial-sida-212x300.jpg 212w, https:\/\/www.persovuses.org\/wp-content\/uploads\/2019\/12\/poster-dia-mundial-sida-768x1086.jpg 768w, https:\/\/www.persovuses.org\/wp-content\/uploads\/2019\/12\/poster-dia-mundial-sida-1086x1536.jpg 1086w, https:\/\/www.persovuses.org\/wp-content\/uploads\/2019\/12\/poster-dia-mundial-sida-1448x2048.jpg 1448w, https:\/\/www.persovuses.org\/wp-content\/uploads\/2019\/12\/poster-dia-mundial-sida.jpg 1754w\" sizes=\"(max-width: 362px) 100vw, 362px\" \/><\/a><\/figure>\n<\/div>","protected":false},"excerpt":{"rendered":"<p>Avui dimecres, 11.12.2019 (16:30h) l&#8217;associaci\u00f3 PERSOVUSES organitza una xerrada sobre \u201cl&#8217;1 de Desembre&#8221; en el Club Social &#8220;Punt de Trobada&#8221;, espai integrat per persones amb una problem\u00e0tica de salut mental. El Dia Mundial de la Lluita contra la SIDA, \u00e9s el dia en qu\u00e8 el m\u00f3n sencer s&#8217;uneix en un esfor\u00e7 com\u00fa destinat a augmentar [&hellip;]<\/p>\n","protected":false},"author":1,"featured_media":4273,"comment_status":"closed","ping_status":"open","sticky":false,"template":"","format":"standard","meta":{"footnotes":""},"categories":[55],"tags":[],"class_list":["post-5112","post","type-post","status-publish","format-standard","has-post-thumbnail","hentry","category-xerrades-conferencies"],"acf":[],"_links":{"self":[{"href":"https:\/\/www.persovuses.org\/ca\/wp-json\/wp\/v2\/posts\/5112","targetHints":{"allow":["GET"]}}],"collection":[{"href":"https:\/\/www.persovuses.org\/ca\/wp-json\/wp\/v2\/posts"}],"about":[{"href":"https:\/\/www.persovuses.org\/ca\/wp-json\/wp\/v2\/types\/post"}],"author":[{"embeddable":true,"href":"https:\/\/www.persovuses.org\/ca\/wp-json\/wp\/v2\/users\/1"}],"replies":[{"embeddable":true,"href":"https:\/\/www.persovuses.org\/ca\/wp-json\/wp\/v2\/comments?post=5112"}],"version-history":[{"count":1,"href":"https:\/\/www.persovuses.org\/ca\/wp-json\/wp\/v2\/posts\/5112\/revisions"}],"predecessor-version":[{"id":5113,"href":"https:\/\/www.persovuses.org\/ca\/wp-json\/wp\/v2\/posts\/5112\/revisions\/5113"}],"wp:featuredmedia":[{"embeddable":true,"href":"https:\/\/www.persovuses.org\/ca\/wp-json\/wp\/v2\/media\/4273"}],"wp:attachment":[{"href":"https:\/\/www.persovuses.org\/ca\/wp-json\/wp\/v2\/media?parent=5112"}],"wp:term":[{"taxonomy":"category","embeddable":true,"href":"https:\/\/www.persovuses.org\/ca\/wp-json\/wp\/v2\/categories?post=5112"},{"taxonomy":"post_tag","embeddable":true,"href":"https:\/\/www.persovuses.org\/ca\/wp-json\/wp\/v2\/tags?post=5112"}],"curies":[{"name":"wp","href":"https:\/\/api.w.org\/{rel}","templated":true}]}}