{"id":5099,"date":"2020-11-30T11:40:11","date_gmt":"2020-11-30T09:40:11","guid":{"rendered":"https:\/\/www.persovuses.org\/prevencion-vih-sida-otras-ets-viladecans\/"},"modified":"2022-07-14T11:40:43","modified_gmt":"2022-07-14T09:40:43","slug":"prevencio-vih-sida-altres-its-viladecans","status":"publish","type":"post","link":"https:\/\/www.persovuses.org\/ca\/prevencio-vih-sida-altres-its-viladecans\/","title":{"rendered":"Prevenci\u00f3 del VIH\/SIDA i altres ITS"},"content":{"rendered":"\n<p>Avui dilluns, 30.11.2020 (10:00h) l&#8217;associaci\u00f3 PERSOVUSES organitza el taller &#8220;Salut sexual i reproductiva: prevenci\u00f3 del VIH \/ sida i altres malalties de transmissi\u00f3 sexual&#8221; en el Servei de Rehabilitaci\u00f3 Comunit\u00e0ria en Salut Mental (Centre de Dia) de Viladecans (Barcelona), espai integrat per persones amb una problem\u00e0tica de salut mental.<\/p>\n\n\n\n<p>L&#8217;objectiu d&#8217;aquest taller \u00e9s aconseguir que els i les persones desenvolupin una visi\u00f3 positiva, integral i responsable sobre la viv\u00e8ncia de la seva sexualitat. La metodologia que utilitzem \u00e9s de nou la m\u00e9s apreciada en l&#8217;\u00e0mbit de la prevenci\u00f3 de la prevenci\u00f3 sexual: D&#8217;igual a igual. Els tallers s&#8217;adrecen a persones amb problemes de salut mental i familiars, i estan adaptats especialment a grups transculturals i joves en situaci\u00f3 de vulnerabilitat social, buscant estrat\u00e8gies que donin als i les persones la possibilitat d&#8217;analitzar els factors socials, econ\u00f2mics i ambientals que influeixen en la seva salut afectiva, sexual i reproductiva.<\/p>\n\n\n\n<p>A m\u00e9s a m\u00e9s \u00e9s celebra el Dia Mundial de la Lluita contra la SIDA, \u00e9s el dia en qu\u00e8 el m\u00f3n sencer s&#8217;uneix en un esfor\u00e7 com\u00fa destinat a augmentar la consci\u00e8ncia sobre el VIH i expressar la solidaritat mundial amb les persones que viuen amb ell. Per\u00f2 aquest dia internacional no nom\u00e9s gira al voltant de la sensibilitzaci\u00f3 de la comunitat internacional, sin\u00f3 tamb\u00e9 proporciona una oportunitat mundial per instar els governs i l\u00edders internacionals a mantenir les promeses, aix\u00ed com una oportunitat per demostrar els compromisos i mesures preses per lluitar contra la SIDA.<\/p>\n\n\n\n<p>Aquest esdeveniment brinda a tots els coparticipants, tant p\u00fablics com privats, una de les m\u00e9s oportunitats m\u00e9s clares per donar a con\u00e8ixer la situaci\u00f3 i impulsar aven\u00e7os en mat\u00e8ria de prevenci\u00f3, tractament i atenci\u00f3 als afectats en els pa\u00efsos amb elevada prevalen\u00e7a i tamb\u00e9 en el resta del m\u00f3n. Ens parlar\u00e0 Josep Vicen\u00e7 Mateo i Mercad\u00e9, facilitador de PERSOVUSES.<\/p>\n\n\n<div class=\"wp-block-image poster-img\">\n<figure class=\"aligncenter size-large is-resized\"><a href=\"https:\/\/www.persovuses.org\/wp-content\/uploads\/2020\/12\/poster-prevencio.jpg\"><img fetchpriority=\"high\" decoding=\"async\" src=\"https:\/\/www.persovuses.org\/wp-content\/uploads\/2020\/12\/poster-prevencio-724x1024.jpg\" alt=\"Prevenci\u00f3 de VIH\/SIDA i altres ITS\" class=\"wp-image-4415\" width=\"362\" height=\"512\" title=\"\" srcset=\"https:\/\/www.persovuses.org\/wp-content\/uploads\/2020\/12\/poster-prevencio-724x1024.jpg 724w, https:\/\/www.persovuses.org\/wp-content\/uploads\/2020\/12\/poster-prevencio-212x300.jpg 212w, https:\/\/www.persovuses.org\/wp-content\/uploads\/2020\/12\/poster-prevencio-768x1086.jpg 768w, https:\/\/www.persovuses.org\/wp-content\/uploads\/2020\/12\/poster-prevencio-1087x1536.jpg 1087w, https:\/\/www.persovuses.org\/wp-content\/uploads\/2020\/12\/poster-prevencio-1449x2048.jpg 1449w, https:\/\/www.persovuses.org\/wp-content\/uploads\/2020\/12\/poster-prevencio.jpg 1755w\" sizes=\"(max-width: 362px) 100vw, 362px\" \/><\/a><\/figure>\n<\/div>","protected":false},"excerpt":{"rendered":"<p>Avui dilluns, 30.11.2020 (10:00h) l&#8217;associaci\u00f3 PERSOVUSES organitza el taller &#8220;Salut sexual i reproductiva: prevenci\u00f3 del VIH \/ sida i altres malalties de transmissi\u00f3 sexual&#8221; en el Servei de Rehabilitaci\u00f3 Comunit\u00e0ria en Salut Mental (Centre de Dia) de Viladecans (Barcelona), espai integrat per persones amb una problem\u00e0tica de salut mental. L&#8217;objectiu d&#8217;aquest taller \u00e9s aconseguir que [&hellip;]<\/p>\n","protected":false},"author":1,"featured_media":4283,"comment_status":"closed","ping_status":"open","sticky":false,"template":"","format":"standard","meta":{"footnotes":""},"categories":[54],"tags":[],"class_list":["post-5099","post","type-post","status-publish","format-standard","has-post-thumbnail","hentry","category-cursos-tallers"],"acf":[],"_links":{"self":[{"href":"https:\/\/www.persovuses.org\/ca\/wp-json\/wp\/v2\/posts\/5099","targetHints":{"allow":["GET"]}}],"collection":[{"href":"https:\/\/www.persovuses.org\/ca\/wp-json\/wp\/v2\/posts"}],"about":[{"href":"https:\/\/www.persovuses.org\/ca\/wp-json\/wp\/v2\/types\/post"}],"author":[{"embeddable":true,"href":"https:\/\/www.persovuses.org\/ca\/wp-json\/wp\/v2\/users\/1"}],"replies":[{"embeddable":true,"href":"https:\/\/www.persovuses.org\/ca\/wp-json\/wp\/v2\/comments?post=5099"}],"version-history":[{"count":1,"href":"https:\/\/www.persovuses.org\/ca\/wp-json\/wp\/v2\/posts\/5099\/revisions"}],"predecessor-version":[{"id":5100,"href":"https:\/\/www.persovuses.org\/ca\/wp-json\/wp\/v2\/posts\/5099\/revisions\/5100"}],"wp:featuredmedia":[{"embeddable":true,"href":"https:\/\/www.persovuses.org\/ca\/wp-json\/wp\/v2\/media\/4283"}],"wp:attachment":[{"href":"https:\/\/www.persovuses.org\/ca\/wp-json\/wp\/v2\/media?parent=5099"}],"wp:term":[{"taxonomy":"category","embeddable":true,"href":"https:\/\/www.persovuses.org\/ca\/wp-json\/wp\/v2\/categories?post=5099"},{"taxonomy":"post_tag","embeddable":true,"href":"https:\/\/www.persovuses.org\/ca\/wp-json\/wp\/v2\/tags?post=5099"}],"curies":[{"name":"wp","href":"https:\/\/api.w.org\/{rel}","templated":true}]}}