{"id":5082,"date":"2021-02-25T11:40:27","date_gmt":"2021-02-25T09:40:27","guid":{"rendered":"https:\/\/www.persovuses.org\/prevenimos-bullying-centro-civico-tovalloles\/"},"modified":"2022-07-14T11:28:49","modified_gmt":"2022-07-14T09:28:49","slug":"prevenim-bullying-centre-civic-tovalloles","status":"publish","type":"post","link":"https:\/\/www.persovuses.org\/ca\/prevenim-bullying-centre-civic-tovalloles\/","title":{"rendered":"Prevenim el Bullying"},"content":{"rendered":"\n<p>Avui dijous 25\/02\/2021 a les 16:00h. l&#8217;associaci\u00f3 PERSOVUSES organitza un taller, mitjan\u00e7ant CINEMOCIONAL que presenta una proposta, a trav\u00e9s del curtmetratge Bruna, per treballar la prevenci\u00f3, detecci\u00f3 i actuaci\u00f3 davant el Bullying al Centre C\u00edvic Les Tovalloles de Sant Feliu de Llobregat (Barcelona). Des de la mirada de l&#8217;educaci\u00f3 emocional i amb l&#8217;objectiu enfocat al benestar individual i col.lectiu, dinamitzem un espai de desenvolupament de les compet\u00e8ncies socioemocionals per potenciar les relacions saludables, afrontar situacions de desigualtat i oferir espai de restauraci\u00f3 del benestar. Ens parlar\u00e0 Adri\u00e1n Arrebola Caro (Cinemocional).<\/p>\n\n\n<div class=\"wp-block-image poster-img\">\n<figure class=\"aligncenter size-large is-resized\"><a href=\"https:\/\/www.persovuses.org\/wp-content\/uploads\/2021\/02\/poster-bullying-05.jpg\"><img fetchpriority=\"high\" decoding=\"async\" src=\"https:\/\/www.persovuses.org\/wp-content\/uploads\/2021\/02\/poster-bullying-05-724x1024.jpg\" alt=\"Prevenim el Bullying\" class=\"wp-image-4446\" width=\"362\" height=\"512\" title=\"\" srcset=\"https:\/\/www.persovuses.org\/wp-content\/uploads\/2021\/02\/poster-bullying-05-724x1024.jpg 724w, https:\/\/www.persovuses.org\/wp-content\/uploads\/2021\/02\/poster-bullying-05-212x300.jpg 212w, https:\/\/www.persovuses.org\/wp-content\/uploads\/2021\/02\/poster-bullying-05-768x1086.jpg 768w, https:\/\/www.persovuses.org\/wp-content\/uploads\/2021\/02\/poster-bullying-05-1087x1536.jpg 1087w, https:\/\/www.persovuses.org\/wp-content\/uploads\/2021\/02\/poster-bullying-05-1449x2048.jpg 1449w, https:\/\/www.persovuses.org\/wp-content\/uploads\/2021\/02\/poster-bullying-05.jpg 1755w\" sizes=\"(max-width: 362px) 100vw, 362px\" \/><\/a><\/figure>\n<\/div>\n\n\n<p><\/p>\n\n\n\n<p><\/p>\n\n\n<div class=\"wp-block-image\">\n<figure class=\"aligncenter size-large\"><img decoding=\"async\" width=\"1024\" height=\"773\" src=\"https:\/\/www.persovuses.org\/wp-content\/uploads\/2021\/02\/prevenim-el-bullying-foto-1-1024x773.jpg\" alt=\"Prevenim el Bullying\" class=\"wp-image-4448\" title=\"\" srcset=\"https:\/\/www.persovuses.org\/wp-content\/uploads\/2021\/02\/prevenim-el-bullying-foto-1-1024x773.jpg 1024w, https:\/\/www.persovuses.org\/wp-content\/uploads\/2021\/02\/prevenim-el-bullying-foto-1-300x226.jpg 300w, https:\/\/www.persovuses.org\/wp-content\/uploads\/2021\/02\/prevenim-el-bullying-foto-1-768x580.jpg 768w, https:\/\/www.persovuses.org\/wp-content\/uploads\/2021\/02\/prevenim-el-bullying-foto-1.jpg 1080w\" sizes=\"(max-width: 1024px) 100vw, 1024px\" \/><\/figure>\n<\/div>\n\n<div class=\"wp-block-image\">\n<figure class=\"aligncenter size-large\"><img decoding=\"async\" width=\"1024\" height=\"578\" src=\"https:\/\/www.persovuses.org\/wp-content\/uploads\/2021\/02\/centro-les-tovalloles-1024x578.jpg\" alt=\"Centre Les Tovalloles\" class=\"wp-image-4450\" title=\"\" srcset=\"https:\/\/www.persovuses.org\/wp-content\/uploads\/2021\/02\/centro-les-tovalloles-1024x578.jpg 1024w, https:\/\/www.persovuses.org\/wp-content\/uploads\/2021\/02\/centro-les-tovalloles-300x169.jpg 300w, https:\/\/www.persovuses.org\/wp-content\/uploads\/2021\/02\/centro-les-tovalloles-768x434.jpg 768w, https:\/\/www.persovuses.org\/wp-content\/uploads\/2021\/02\/centro-les-tovalloles.jpg 1080w\" sizes=\"(max-width: 1024px) 100vw, 1024px\" \/><\/figure>\n<\/div>","protected":false},"excerpt":{"rendered":"<p>Avui dijous 25\/02\/2021 a les 16:00h. l&#8217;associaci\u00f3 PERSOVUSES organitza un taller, mitjan\u00e7ant CINEMOCIONAL que presenta una proposta, a trav\u00e9s del curtmetratge Bruna, per treballar la prevenci\u00f3, detecci\u00f3 i actuaci\u00f3 davant el Bullying al Centre C\u00edvic Les Tovalloles de Sant Feliu de Llobregat (Barcelona). Des de la mirada de l&#8217;educaci\u00f3 emocional i amb l&#8217;objectiu enfocat al [&hellip;]<\/p>\n","protected":false},"author":1,"featured_media":4295,"comment_status":"closed","ping_status":"open","sticky":false,"template":"","format":"standard","meta":{"footnotes":""},"categories":[54],"tags":[],"class_list":["post-5082","post","type-post","status-publish","format-standard","has-post-thumbnail","hentry","category-cursos-tallers"],"acf":[],"_links":{"self":[{"href":"https:\/\/www.persovuses.org\/ca\/wp-json\/wp\/v2\/posts\/5082","targetHints":{"allow":["GET"]}}],"collection":[{"href":"https:\/\/www.persovuses.org\/ca\/wp-json\/wp\/v2\/posts"}],"about":[{"href":"https:\/\/www.persovuses.org\/ca\/wp-json\/wp\/v2\/types\/post"}],"author":[{"embeddable":true,"href":"https:\/\/www.persovuses.org\/ca\/wp-json\/wp\/v2\/users\/1"}],"replies":[{"embeddable":true,"href":"https:\/\/www.persovuses.org\/ca\/wp-json\/wp\/v2\/comments?post=5082"}],"version-history":[{"count":1,"href":"https:\/\/www.persovuses.org\/ca\/wp-json\/wp\/v2\/posts\/5082\/revisions"}],"predecessor-version":[{"id":5083,"href":"https:\/\/www.persovuses.org\/ca\/wp-json\/wp\/v2\/posts\/5082\/revisions\/5083"}],"wp:featuredmedia":[{"embeddable":true,"href":"https:\/\/www.persovuses.org\/ca\/wp-json\/wp\/v2\/media\/4295"}],"wp:attachment":[{"href":"https:\/\/www.persovuses.org\/ca\/wp-json\/wp\/v2\/media?parent=5082"}],"wp:term":[{"taxonomy":"category","embeddable":true,"href":"https:\/\/www.persovuses.org\/ca\/wp-json\/wp\/v2\/categories?post=5082"},{"taxonomy":"post_tag","embeddable":true,"href":"https:\/\/www.persovuses.org\/ca\/wp-json\/wp\/v2\/tags?post=5082"}],"curies":[{"name":"wp","href":"https:\/\/api.w.org\/{rel}","templated":true}]}}