{"id":5077,"date":"2021-05-31T10:20:00","date_gmt":"2021-05-31T08:20:00","guid":{"rendered":"https:\/\/www.persovuses.org\/prevenimos-el-bullying-inst-marti-dot\/"},"modified":"2022-07-14T11:25:08","modified_gmt":"2022-07-14T09:25:08","slug":"prevenim-el-bullying-inst-marti-dot","status":"publish","type":"post","link":"https:\/\/www.persovuses.org\/ca\/prevenim-el-bullying-inst-marti-dot\/","title":{"rendered":"Prevenim el Bullying"},"content":{"rendered":"\n<p>L&#8217;associaci\u00f3 PERSOVUSES est\u00e0 organitzant cinc tallers, mitjan\u00e7ant Cinemocional i el suport del Dept. de Cultura de l&#8217;ajuntament de Sant Feliu de Llobregat, que ha presentat una proposta, a trav\u00e9s del curtmetratge BRUNA i la creaci\u00f3 d&#8217;un espai din\u00e0mic i participatiu de sensibilitzaci\u00f3, reflexi\u00f3 i autoconeixement, per treballar la prevenci\u00f3, detecci\u00f3 i actuaci\u00f3 davant del bullying a l&#8217;INS Mart\u00ed Dot de Sant Feliu de Llobregat. Des de la mirada de l&#8217;educaci\u00f3 emocional i amb l&#8217;objectiu enfocat el benestar individual i col\u2022lectiu, dinamitzant un espai de desenvolupament de les compet\u00e8ncies socioemocionals per potenciar les relacions saludables, afrontar situacions de desigualtat i oferir espai de restauraci\u00f3 de l&#8217;benestar. Sent el facilitador professional <a href=\"https:\/\/www.facebook.com\/adrianarrebolacaro?__cft__[0]=AZXHiZqeP6vbBdIlbKwNVyj4INBvKQo4Fu_9Ks_Lb87-7NM0TTZw0MejjM59uKcmfjd0pgOrM6B_3vzBeiwezukC6hbIRpWWMe6q0eaF6V946BCaKWJHf-G3wqPpW3wxVPtCh-QrzxrEtvnxwTguTTu4v94OsB96e1b1CPmU4mVI8A&amp;__tn__=-]K-R\" target=\"_blank\" rel=\"noreferrer noopener\">Adri\u00e1n Arrebola<\/a> Caro.<\/p>\n\n\n\n<h3 class=\"wp-block-heading\">AMB QUIN OBJECTIU?<\/h3>\n\n\n\n<ul class=\"wp-block-list\"><li>Aportar eines per a la prevenci\u00f3, detecci\u00f3 i actuaci\u00f3 davant de situacions d&#8217;assetjament escolar.<\/li><li>Fomentar el benestar com a factor clau en la reparaci\u00f3 de relacions i rols dins de el grup.<\/li><li>Potenciar el desenvolupament positiu individual i col\u00b7lectiu.<\/li><\/ul>\n\n\n\n<p>Sessions 7, 26, 28 i 31 de maig a tots els grups de segon d&#8217;ESO<\/p>\n\n\n<div class=\"wp-block-image poster-img\">\n<figure class=\"aligncenter size-large is-resized\"><a href=\"https:\/\/www.persovuses.org\/wp-content\/uploads\/2022\/06\/cartel-prevenim-bullying-ins-marti-dot.jpg\"><img fetchpriority=\"high\" decoding=\"async\" src=\"https:\/\/www.persovuses.org\/wp-content\/uploads\/2022\/06\/cartel-prevenim-bullying-ins-marti-dot-724x1024.jpg\" alt=\"Prevenim El Bullying\" class=\"wp-image-4769\" width=\"362\" height=\"512\" title=\"\" srcset=\"https:\/\/www.persovuses.org\/wp-content\/uploads\/2022\/06\/cartel-prevenim-bullying-ins-marti-dot-724x1024.jpg 724w, https:\/\/www.persovuses.org\/wp-content\/uploads\/2022\/06\/cartel-prevenim-bullying-ins-marti-dot-212x300.jpg 212w, https:\/\/www.persovuses.org\/wp-content\/uploads\/2022\/06\/cartel-prevenim-bullying-ins-marti-dot-768x1086.jpg 768w, https:\/\/www.persovuses.org\/wp-content\/uploads\/2022\/06\/cartel-prevenim-bullying-ins-marti-dot-1087x1536.jpg 1087w, https:\/\/www.persovuses.org\/wp-content\/uploads\/2022\/06\/cartel-prevenim-bullying-ins-marti-dot-1449x2048.jpg 1449w, https:\/\/www.persovuses.org\/wp-content\/uploads\/2022\/06\/cartel-prevenim-bullying-ins-marti-dot.jpg 1755w\" sizes=\"(max-width: 362px) 100vw, 362px\" \/><\/a><\/figure>\n<\/div>\n\n\n<p><\/p>\n\n\n\n<p><\/p>\n\n\n<div class=\"wp-block-image\">\n<figure class=\"aligncenter size-full\"><img decoding=\"async\" width=\"1080\" height=\"465\" src=\"https:\/\/www.persovuses.org\/wp-content\/uploads\/2022\/06\/inst-marti-dot.jpg\" alt=\"Institut Mart\u00ed Dot\" class=\"wp-image-4767\" title=\"\" srcset=\"https:\/\/www.persovuses.org\/wp-content\/uploads\/2022\/06\/inst-marti-dot.jpg 1080w, https:\/\/www.persovuses.org\/wp-content\/uploads\/2022\/06\/inst-marti-dot-300x129.jpg 300w, https:\/\/www.persovuses.org\/wp-content\/uploads\/2022\/06\/inst-marti-dot-1024x441.jpg 1024w, https:\/\/www.persovuses.org\/wp-content\/uploads\/2022\/06\/inst-marti-dot-768x331.jpg 768w\" sizes=\"(max-width: 1080px) 100vw, 1080px\" \/><\/figure>\n<\/div>","protected":false},"excerpt":{"rendered":"<p>L&#8217;associaci\u00f3 PERSOVUSES est\u00e0 organitzant cinc tallers, mitjan\u00e7ant Cinemocional i el suport del Dept. de Cultura de l&#8217;ajuntament de Sant Feliu de Llobregat, que ha presentat una proposta, a trav\u00e9s del curtmetratge BRUNA i la creaci\u00f3 d&#8217;un espai din\u00e0mic i participatiu de sensibilitzaci\u00f3, reflexi\u00f3 i autoconeixement, per treballar la prevenci\u00f3, detecci\u00f3 i actuaci\u00f3 davant del bullying [&hellip;]<\/p>\n","protected":false},"author":1,"featured_media":4765,"comment_status":"closed","ping_status":"open","sticky":false,"template":"","format":"standard","meta":{"footnotes":""},"categories":[54],"tags":[],"class_list":["post-5077","post","type-post","status-publish","format-standard","has-post-thumbnail","hentry","category-cursos-tallers"],"acf":[],"_links":{"self":[{"href":"https:\/\/www.persovuses.org\/ca\/wp-json\/wp\/v2\/posts\/5077","targetHints":{"allow":["GET"]}}],"collection":[{"href":"https:\/\/www.persovuses.org\/ca\/wp-json\/wp\/v2\/posts"}],"about":[{"href":"https:\/\/www.persovuses.org\/ca\/wp-json\/wp\/v2\/types\/post"}],"author":[{"embeddable":true,"href":"https:\/\/www.persovuses.org\/ca\/wp-json\/wp\/v2\/users\/1"}],"replies":[{"embeddable":true,"href":"https:\/\/www.persovuses.org\/ca\/wp-json\/wp\/v2\/comments?post=5077"}],"version-history":[{"count":1,"href":"https:\/\/www.persovuses.org\/ca\/wp-json\/wp\/v2\/posts\/5077\/revisions"}],"predecessor-version":[{"id":5079,"href":"https:\/\/www.persovuses.org\/ca\/wp-json\/wp\/v2\/posts\/5077\/revisions\/5079"}],"wp:featuredmedia":[{"embeddable":true,"href":"https:\/\/www.persovuses.org\/ca\/wp-json\/wp\/v2\/media\/4765"}],"wp:attachment":[{"href":"https:\/\/www.persovuses.org\/ca\/wp-json\/wp\/v2\/media?parent=5077"}],"wp:term":[{"taxonomy":"category","embeddable":true,"href":"https:\/\/www.persovuses.org\/ca\/wp-json\/wp\/v2\/categories?post=5077"},{"taxonomy":"post_tag","embeddable":true,"href":"https:\/\/www.persovuses.org\/ca\/wp-json\/wp\/v2\/tags?post=5077"}],"curies":[{"name":"wp","href":"https:\/\/api.w.org\/{rel}","templated":true}]}}