{"id":5072,"date":"2021-09-30T13:23:00","date_gmt":"2021-09-30T11:23:00","guid":{"rendered":"https:\/\/www.persovuses.org\/rompamos-el-silencio\/"},"modified":"2022-07-14T11:20:46","modified_gmt":"2022-07-14T09:20:46","slug":"trenquem-el-silenci","status":"publish","type":"post","link":"https:\/\/www.persovuses.org\/ca\/trenquem-el-silenci\/","title":{"rendered":"Trenquem el silenci"},"content":{"rendered":"\n<p>L&#8217;Associaci\u00f3 per la Salut Mental del Baix Llobregat Nord conjuntament amb l\u2019Associaci\u00f3 per la integraci\u00f3 i reinserci\u00f3 de PERsones SOcialment VUlnerables o en Situaci\u00f3 d\u2019Exclusi\u00f3 Social (PERSOVUSES) i l\u2019Associaci\u00f3 Social i Cristiana de Voluntaris de Presons (ASCVP), us convida el proper dijous 30 de setembre a les 18:00 h. al cinef\u00f2rum educatiu sobre FINS AQU\u00cd i a la xerrada Trenquem el silenci, que tindr\u00e0 lloc al Mol\u00ed Fariner (Cam\u00ed del Riu, s\/n) de Martorell. Donem les gr\u00e0cies a l&#8217;Ajuntament de Martorell per facilitar la sala per la xerrada.<\/p>\n\n\n\n<p>Amb la pres\u00e8ncia com a ponents de les psic\u00f3logues Carmen Cord\u00f3n Cobo, responsable del Servei d&#8217;Informaci\u00f3 i Atenci\u00f3 a les Dones (SIAD) de l&#8217;Ajuntament de Martorell i de Gemma Gal\u00e1n Rubio, treballadora social en el camp de la Salut Mental, tamb\u00e9 contarem amb el director Adri\u00e1n Arrebola Caro del curtmetratge Fins Aqu\u00ed i professor Cinef\u00f2rum Educatiu on es projectar\u00e0 el curtmetratge creat amb doble prop\u00f2sit: visibilitzar l&#8217;estigmatitzaci\u00f3 que pateixen les persones amb malalties mentals i prevenir la viol\u00e8ncia de g\u00e8nere. Despr\u00e9s de la projecci\u00f3 s\u2019obrir\u00e0 un espai dinamitzat per professionals experts en la tem\u00e0tica per compartir i reflexionar sobre com superar aquesta viv\u00e8ncia. Tamb\u00e9 comptarem amb la pres\u00e8ncia de l\u2019equip creatiu del curtmetratge i d\u2019actors \/ actrius perqu\u00e8 ens expliquen com ha estat l\u2019experi\u00e8ncia. Els mitjans de comunicaci\u00f3n se\u2019n fan soviet ress\u00f2 i ens plantej\u00e0vem preguntes: qu\u00e8 podem fer nosaltres? Com desactivar si existeix viol\u00e8ncia de g\u00e8nere?.<\/p>\n\n\n\n<p>Aquesta confer\u00e8ncia s&#8217;emmarca en la voluntat de col\u00b7laboraci\u00f3 m\u00fatua entre les tres entitats. Concretant-se en aquesta onzena xerrada, despr\u00e9s de ser rubricat el dissabte 5 de novembre de l\u2019any 2016 a la rectoria de la parr\u00f2quia de Crist Salvador i s&#8217;est\u00e9n tamb\u00e9 a altres camps de l&#8217;\u00e0mbit associatiu i del voluntariat que treballem, dins dels l\u00edmits de la comarca del Baix Llobregat.<\/p>\n\n\n<div class=\"wp-block-image poster-img\">\n<figure class=\"aligncenter size-large is-resized\"><a href=\"https:\/\/www.persovuses.org\/wp-content\/uploads\/2022\/07\/cartell-fins-aqui.jpg\"><img fetchpriority=\"high\" decoding=\"async\" src=\"https:\/\/www.persovuses.org\/wp-content\/uploads\/2022\/07\/cartell-fins-aqui-724x1024.jpg\" alt=\"Fins aqu\u00ed\" class=\"wp-image-4805\" width=\"362\" height=\"512\" title=\"\" srcset=\"https:\/\/www.persovuses.org\/wp-content\/uploads\/2022\/07\/cartell-fins-aqui-724x1024.jpg 724w, https:\/\/www.persovuses.org\/wp-content\/uploads\/2022\/07\/cartell-fins-aqui-212x300.jpg 212w, https:\/\/www.persovuses.org\/wp-content\/uploads\/2022\/07\/cartell-fins-aqui-768x1086.jpg 768w, https:\/\/www.persovuses.org\/wp-content\/uploads\/2022\/07\/cartell-fins-aqui-1086x1536.jpg 1086w, https:\/\/www.persovuses.org\/wp-content\/uploads\/2022\/07\/cartell-fins-aqui-1448x2048.jpg 1448w, https:\/\/www.persovuses.org\/wp-content\/uploads\/2022\/07\/cartell-fins-aqui.jpg 1754w\" sizes=\"(max-width: 362px) 100vw, 362px\" \/><\/a><\/figure>\n<\/div>\n\n\n<div style=\"height:60px\" aria-hidden=\"true\" class=\"wp-block-spacer\"><\/div>\n\n\n\n<figure class=\"wp-block-gallery has-nested-images columns-default is-cropped wp-block-gallery-1 is-layout-flex wp-block-gallery-is-layout-flex\">\n<figure class=\"wp-block-image size-large\"><a href=\"https:\/\/www.persovuses.org\/wp-content\/uploads\/2022\/07\/rompamos-el-silencio-01.jpg\"><img decoding=\"async\" width=\"1600\" height=\"1200\" data-id=\"4807\" src=\"https:\/\/www.persovuses.org\/wp-content\/uploads\/2022\/07\/rompamos-el-silencio-01.jpg\" alt=\"Rompamos el silencio\" class=\"wp-image-4807\" title=\"\" srcset=\"https:\/\/www.persovuses.org\/wp-content\/uploads\/2022\/07\/rompamos-el-silencio-01.jpg 1600w, https:\/\/www.persovuses.org\/wp-content\/uploads\/2022\/07\/rompamos-el-silencio-01-300x225.jpg 300w, https:\/\/www.persovuses.org\/wp-content\/uploads\/2022\/07\/rompamos-el-silencio-01-1024x768.jpg 1024w, https:\/\/www.persovuses.org\/wp-content\/uploads\/2022\/07\/rompamos-el-silencio-01-768x576.jpg 768w, https:\/\/www.persovuses.org\/wp-content\/uploads\/2022\/07\/rompamos-el-silencio-01-1536x1152.jpg 1536w\" sizes=\"(max-width: 1600px) 100vw, 1600px\" \/><\/a><\/figure>\n\n\n\n<figure class=\"wp-block-image size-large\"><a href=\"https:\/\/www.persovuses.org\/wp-content\/uploads\/2022\/07\/rompamos-el-silencio-02.jpg\"><img decoding=\"async\" width=\"1600\" height=\"1200\" data-id=\"4803\" src=\"https:\/\/www.persovuses.org\/wp-content\/uploads\/2022\/07\/rompamos-el-silencio-02.jpg\" alt=\"Rompamos el silencio\" class=\"wp-image-4803\" title=\"\" srcset=\"https:\/\/www.persovuses.org\/wp-content\/uploads\/2022\/07\/rompamos-el-silencio-02.jpg 1600w, https:\/\/www.persovuses.org\/wp-content\/uploads\/2022\/07\/rompamos-el-silencio-02-300x225.jpg 300w, https:\/\/www.persovuses.org\/wp-content\/uploads\/2022\/07\/rompamos-el-silencio-02-1024x768.jpg 1024w, https:\/\/www.persovuses.org\/wp-content\/uploads\/2022\/07\/rompamos-el-silencio-02-768x576.jpg 768w, https:\/\/www.persovuses.org\/wp-content\/uploads\/2022\/07\/rompamos-el-silencio-02-1536x1152.jpg 1536w\" sizes=\"(max-width: 1600px) 100vw, 1600px\" \/><\/a><\/figure>\n\n\n\n<figure class=\"wp-block-image size-large\"><a href=\"https:\/\/www.persovuses.org\/wp-content\/uploads\/2022\/07\/rompamos-el-silencio-03.jpg\"><img loading=\"lazy\" decoding=\"async\" width=\"1600\" height=\"1200\" data-id=\"4801\" src=\"https:\/\/www.persovuses.org\/wp-content\/uploads\/2022\/07\/rompamos-el-silencio-03.jpg\" alt=\"Rompamos el silencio\" class=\"wp-image-4801\" title=\"\" srcset=\"https:\/\/www.persovuses.org\/wp-content\/uploads\/2022\/07\/rompamos-el-silencio-03.jpg 1600w, https:\/\/www.persovuses.org\/wp-content\/uploads\/2022\/07\/rompamos-el-silencio-03-300x225.jpg 300w, https:\/\/www.persovuses.org\/wp-content\/uploads\/2022\/07\/rompamos-el-silencio-03-1024x768.jpg 1024w, https:\/\/www.persovuses.org\/wp-content\/uploads\/2022\/07\/rompamos-el-silencio-03-768x576.jpg 768w, https:\/\/www.persovuses.org\/wp-content\/uploads\/2022\/07\/rompamos-el-silencio-03-1536x1152.jpg 1536w\" sizes=\"(max-width: 1600px) 100vw, 1600px\" \/><\/a><\/figure>\n<\/figure>\n","protected":false},"excerpt":{"rendered":"<p>L&#8217;Associaci\u00f3 per la Salut Mental del Baix Llobregat Nord conjuntament amb l\u2019Associaci\u00f3 per la integraci\u00f3 i reinserci\u00f3 de PERsones SOcialment VUlnerables o en Situaci\u00f3 d\u2019Exclusi\u00f3 Social (PERSOVUSES) i l\u2019Associaci\u00f3 Social i Cristiana de Voluntaris de Presons (ASCVP), us convida el proper dijous 30 de setembre a les 18:00 h. al cinef\u00f2rum educatiu sobre FINS AQU\u00cd [&hellip;]<\/p>\n","protected":false},"author":1,"featured_media":4809,"comment_status":"closed","ping_status":"open","sticky":false,"template":"","format":"standard","meta":{"footnotes":""},"categories":[55],"tags":[],"class_list":["post-5072","post","type-post","status-publish","format-standard","has-post-thumbnail","hentry","category-xerrades-conferencies"],"acf":[],"_links":{"self":[{"href":"https:\/\/www.persovuses.org\/ca\/wp-json\/wp\/v2\/posts\/5072","targetHints":{"allow":["GET"]}}],"collection":[{"href":"https:\/\/www.persovuses.org\/ca\/wp-json\/wp\/v2\/posts"}],"about":[{"href":"https:\/\/www.persovuses.org\/ca\/wp-json\/wp\/v2\/types\/post"}],"author":[{"embeddable":true,"href":"https:\/\/www.persovuses.org\/ca\/wp-json\/wp\/v2\/users\/1"}],"replies":[{"embeddable":true,"href":"https:\/\/www.persovuses.org\/ca\/wp-json\/wp\/v2\/comments?post=5072"}],"version-history":[{"count":1,"href":"https:\/\/www.persovuses.org\/ca\/wp-json\/wp\/v2\/posts\/5072\/revisions"}],"predecessor-version":[{"id":5073,"href":"https:\/\/www.persovuses.org\/ca\/wp-json\/wp\/v2\/posts\/5072\/revisions\/5073"}],"wp:featuredmedia":[{"embeddable":true,"href":"https:\/\/www.persovuses.org\/ca\/wp-json\/wp\/v2\/media\/4809"}],"wp:attachment":[{"href":"https:\/\/www.persovuses.org\/ca\/wp-json\/wp\/v2\/media?parent=5072"}],"wp:term":[{"taxonomy":"category","embeddable":true,"href":"https:\/\/www.persovuses.org\/ca\/wp-json\/wp\/v2\/categories?post=5072"},{"taxonomy":"post_tag","embeddable":true,"href":"https:\/\/www.persovuses.org\/ca\/wp-json\/wp\/v2\/tags?post=5072"}],"curies":[{"name":"wp","href":"https:\/\/api.w.org\/{rel}","templated":true}]}}